{"id":480,"date":"2018-03-29T21:09:08","date_gmt":"2018-03-29T20:09:08","guid":{"rendered":"http:\/\/babylonband.cz\/domains\/babylonband.cz\/?p=480"},"modified":"2018-03-29T21:09:58","modified_gmt":"2018-03-29T20:09:58","slug":"temer-zive-na-radiu-proglas","status":"publish","type":"post","link":"https:\/\/babylonband.cz\/domains\/babylonband.cz\/temer-zive-na-radiu-proglas\/","title":{"rendered":"T\u00c9M\u011a\u0158 \u017dIV\u011a NA RADIU PROGLAS"},"content":{"rendered":"<p>20.3.2018 jsme byli hosty Radia Proglas, kde jsme si v po\u0159adu Barv\u00ednek o Babylonu p\u0159\u00edjemn\u011b popov\u00eddali s Pavlem Smolkem (a p\u0159i t\u00e9 p\u0159\u00edle\u017eitosti zjistili, \u017ee va\u0159\u00ed v\u00fdborn\u00fd \u010daj!). N\u00e1\u0161 \u010dajov\u00fd d\u00fdch\u00e1nek je k poslechu na odkazu n\u00ed\u017ee, v \u010dase 26:30.<\/p>\n<p><a href=\"https:\/\/www.proglas.cz\/program\/detail-poradu\/2018-03-20-16-00-00\/\">https:\/\/www.proglas.cz\/program\/detail-poradu\/2018-03-20-16-00-00\/<\/a><\/p>\n<p>&nbsp;<\/p>\n","protected":false},"excerpt":{"rendered":"<p>20.3.2018 jsme byli hosty Radia Proglas, kde jsme si v po\u0159adu Barv\u00ednek o Babylonu p\u0159\u00edjemn\u011b popov\u00eddali s Pavlem Smolkem (a p\u0159i t\u00e9 p\u0159\u00edle\u017eitosti zjistili, \u017ee va\u0159\u00ed v\u00fdborn\u00fd \u010daj!). N\u00e1\u0161 \u010dajov\u00fd d\u00fdch\u00e1nek je k poslechu na odkazu n\u00ed\u017ee, v \u010dase 26:30. https:\/\/www.proglas.cz\/program\/detail-poradu\/2018-03-20-16-00-00\/ &nbsp;<\/p>\n","protected":false},"author":2,"featured_media":0,"comment_status":"closed","ping_status":"open","sticky":false,"template":"","format":"standard","meta":{"_et_pb_use_builder":"","_et_pb_old_content":"","_et_gb_content_width":""},"categories":[3],"tags":[],"_links":{"self":[{"href":"https:\/\/babylonband.cz\/domains\/babylonband.cz\/wp-json\/wp\/v2\/posts\/480"}],"collection":[{"href":"https:\/\/babylonband.cz\/domains\/babylonband.cz\/wp-json\/wp\/v2\/posts"}],"about":[{"href":"https:\/\/babylonband.cz\/domains\/babylonband.cz\/wp-json\/wp\/v2\/types\/post"}],"author":[{"embeddable":true,"href":"https:\/\/babylonband.cz\/domains\/babylonband.cz\/wp-json\/wp\/v2\/users\/2"}],"replies":[{"embeddable":true,"href":"https:\/\/babylonband.cz\/domains\/babylonband.cz\/wp-json\/wp\/v2\/comments?post=480"}],"version-history":[{"count":1,"href":"https:\/\/babylonband.cz\/domains\/babylonband.cz\/wp-json\/wp\/v2\/posts\/480\/revisions"}],"predecessor-version":[{"id":481,"href":"https:\/\/babylonband.cz\/domains\/babylonband.cz\/wp-json\/wp\/v2\/posts\/480\/revisions\/481"}],"wp:attachment":[{"href":"https:\/\/babylonband.cz\/domains\/babylonband.cz\/wp-json\/wp\/v2\/media?parent=480"}],"wp:term":[{"taxonomy":"category","embeddable":true,"href":"https:\/\/babylonband.cz\/domains\/babylonband.cz\/wp-json\/wp\/v2\/categories?post=480"},{"taxonomy":"post_tag","embeddable":true,"href":"https:\/\/babylonband.cz\/domains\/babylonband.cz\/wp-json\/wp\/v2\/tags?post=480"}],"curies":[{"name":"wp","href":"https:\/\/api.w.org\/{rel}","templated":true}]}}